{"id":1553,"date":"2025-04-15T14:14:42","date_gmt":"2025-04-15T12:14:42","guid":{"rendered":"https:\/\/forstcontrol.com\/?p=1553"},"modified":"2025-04-15T14:37:33","modified_gmt":"2025-04-15T12:37:33","slug":"forstcontrol-setzt-starke-akzente-und-begeistert-mit-innovation","status":"publish","type":"post","link":"https:\/\/forstcontrol.com\/it\/forstcontrol-setzt-starke-akzente-und-begeistert-mit-innovation\/","title":{"rendered":"ForstControl pone accenti forti e ispira con l'innovazione"},"content":{"rendered":"<p class=\"\" data-start=\"88\" data-end=\"427\">ForstControl ha ulteriormente consolidato la sua posizione sul mercato con una presenza di alto profilo alla Fiera forestale di Lucerna dal 24 al 27 agosto. L'attenzione si \u00e8 concentrata sul dialogo personale, su nuove partnership e sulla presentazione di ForstControl 3.0, la nuova generazione della nostra soluzione software per una gestione efficiente delle foreste.<\/p>\n<p class=\"\" data-start=\"429\" data-end=\"827\">Pi\u00f9 di 500 visitatori della fiera hanno avuto l'opportunit\u00e0 di partecipare al nostro concorso con premi interessanti. In particolare la motosega, che era il premio principale, ha suscitato molto entusiasmo e partecipazione. Il nostro stand non solo ha attirato la folla grazie a omaggi come occhiali da sole e penne a sfera, ma anche birra, caff\u00e8 e acqua hanno contribuito a creare un'atmosfera aperta e invitante.<\/p>\n<p class=\"\" data-start=\"829\" data-end=\"1206\">Un momento saliente \u00e8 stato l'incontro personale con il \"forestale con l'app\", che simboleggia l'uso pratico delle nostre soluzioni digitali. I numerosi colloqui con i rappresentanti delle organizzazioni forestali hanno dimostrato chiaramente che esiste una forte domanda di strumenti integrati e di facile utilizzo per la gestione delle foreste: ForstControl offre la risposta giusta.<\/p>\n<p class=\"\" data-start=\"1208\" data-end=\"1464\">Siamo stati soddisfatti anche della risposta alle nostre licenze dimostrative, che abbiamo potuto rilasciare direttamente in loco ai professionisti interessati. La forte presenza del nostro partner FOMEA AG, soprattutto con il popolare Hagl\u00f6f Kluppen, ha completato in modo ideale la nostra presenza.<\/p>\n<p class=\"\" data-start=\"1466\" data-end=\"1624\">L'apparizione in fiera lo dimostra: ForstControl non viene percepito solo come fornitore di tecnologia, ma sempre pi\u00f9 come partner per una silvicoltura sostenibile.<\/p>","protected":false},"excerpt":{"rendered":"<p>Mit einem aufmerksamkeitsstarken Auftritt an der Forstmesse Luzern hat ForstControl vom 24. bis 27. August seine Position im Markt weiter gefestigt. Im Zentrum standen der pers\u00f6nliche Austausch, neue Partnerschaften und die Pr\u00e4sentation von ForstControl 3.0 \u2013 der n\u00e4chsten Generation unserer Softwarel\u00f6sung f\u00fcr effizientes Forstmanagement. Mehr als 500 Messebesucherinnen und -besucher nutzten die Gelegenheit, an unserem [&hellip;]<\/p>\n","protected":false},"author":2,"featured_media":1554,"comment_status":"closed","ping_status":"closed","sticky":false,"template":"","format":"standard","meta":{"iawp_total_views":32,"footnotes":""},"categories":[10],"tags":[],"class_list":["post-1553","post","type-post","status-publish","format-standard","has-post-thumbnail","hentry","category-news"],"_links":{"self":[{"href":"https:\/\/forstcontrol.com\/it\/wp-json\/wp\/v2\/posts\/1553","targetHints":{"allow":["GET"]}}],"collection":[{"href":"https:\/\/forstcontrol.com\/it\/wp-json\/wp\/v2\/posts"}],"about":[{"href":"https:\/\/forstcontrol.com\/it\/wp-json\/wp\/v2\/types\/post"}],"author":[{"embeddable":true,"href":"https:\/\/forstcontrol.com\/it\/wp-json\/wp\/v2\/users\/2"}],"replies":[{"embeddable":true,"href":"https:\/\/forstcontrol.com\/it\/wp-json\/wp\/v2\/comments?post=1553"}],"version-history":[{"count":1,"href":"https:\/\/forstcontrol.com\/it\/wp-json\/wp\/v2\/posts\/1553\/revisions"}],"predecessor-version":[{"id":1555,"href":"https:\/\/forstcontrol.com\/it\/wp-json\/wp\/v2\/posts\/1553\/revisions\/1555"}],"wp:featuredmedia":[{"embeddable":true,"href":"https:\/\/forstcontrol.com\/it\/wp-json\/wp\/v2\/media\/1554"}],"wp:attachment":[{"href":"https:\/\/forstcontrol.com\/it\/wp-json\/wp\/v2\/media?parent=1553"}],"wp:term":[{"taxonomy":"category","embeddable":true,"href":"https:\/\/forstcontrol.com\/it\/wp-json\/wp\/v2\/categories?post=1553"},{"taxonomy":"post_tag","embeddable":true,"href":"https:\/\/forstcontrol.com\/it\/wp-json\/wp\/v2\/tags?post=1553"}],"curies":[{"name":"wp","href":"https:\/\/api.w.org\/{rel}","templated":true}]}}