{"id":1541,"date":"2025-04-15T14:11:32","date_gmt":"2025-04-15T12:11:32","guid":{"rendered":"https:\/\/forstcontrol.com\/?p=1541"},"modified":"2025-04-15T14:37:57","modified_gmt":"2025-04-15T12:37:57","slug":"neue-fuehrungsstruktur-bei-forstcontrol-kompetenz-trifft-vision","status":"publish","type":"post","link":"https:\/\/forstcontrol.com\/it\/neue-fuehrungsstruktur-bei-forstcontrol-kompetenz-trifft-vision\/","title":{"rendered":"Nuova struttura dirigenziale di ForstControl - La competenza incontra la visione"},"content":{"rendered":"<p class=\"\" data-start=\"70\" data-end=\"341\">ForstControl lancia un chiaro segnale con la sua nuova gestione strategica: L'azienda vuole crescere, diventare pi\u00f9 innovativa e pensare fuori dagli schemi. A tal fine non bastano le tecnologie, ma occorrono competenze, una mentalit\u00e0 di rete e capacit\u00e0 di leadership.<\/p>\n<p class=\"\" data-start=\"343\" data-end=\"850\">Con il suo nuovo team di gestione, ForstControl riunisce attori chiave della silvicoltura, dell'agricoltura e dell'ingegneria meccanica. Questo insieme di competenze consente di sfruttare in modo ottimale le sinergie. Tra le persone coinvolte figurano il docente della scuola forestale Robert Schickm\u00fcller, l'amministratore delegato di HSM Svizzera Michael Enzler e Fabian Br\u00fchwiller di Maschinenring AG. Insieme al fondatore David Henzmann e al forestale HF Roger Bolliger, questo comitato costituisce una solida base per una crescita sostenibile.<\/p>\n<p class=\"\" data-start=\"852\" data-end=\"1163\">Il Consiglio di amministrazione svolge un ruolo centrale in questo senso. \u00c8 responsabile della stabilit\u00e0 finanziaria dell'azienda, sostiene i processi di bilancio e monitora lo sviluppo economico. Stabilisce inoltre le linee guida strategiche che aprono la strada a un'industria forestale digitalizzata e orientata al futuro.<\/p>\n<p class=\"\" data-start=\"1165\" data-end=\"1395\">Un altro aspetto importante \u00e8 che il Consiglio di amministrazione assicura il dialogo con gli azionisti e organizza l'Assemblea generale annuale, un'occasione per rendere trasparenti le decisioni e consentire la partecipazione.<\/p>\n<p class=\"\" data-start=\"1397\" data-end=\"1594\">Questa nuova struttura rappresenta molto di pi\u00f9 di un semplice ampliamento del personale. \u00c8 il segnale di un chiaro desiderio di ulteriore sviluppo, basato su competenza, rilevanza pratica e lungimiranza imprenditoriale.<\/p>","protected":false},"excerpt":{"rendered":"<p>ForstControl setzt mit einer neuen strategischen F\u00fchrung ein klares Zeichen: Das Unternehmen will wachsen, innovativer werden und \u00fcber die bisherigen Grenzen hinausdenken. Daf\u00fcr braucht es mehr als Technik \u2013 es braucht Know-how, vernetzte Denkweise und F\u00fchrungskompetenz. Mit der neu aufgestellten Leitung bringt ForstControl zentrale Kr\u00e4fte aus Forstwirtschaft, Landwirtschaft und Maschinenwesen an einen Tisch. Diese geb\u00fcndelte [&hellip;]<\/p>\n","protected":false},"author":2,"featured_media":1542,"comment_status":"closed","ping_status":"closed","sticky":false,"template":"","format":"standard","meta":{"iawp_total_views":49,"footnotes":""},"categories":[10],"tags":[],"class_list":["post-1541","post","type-post","status-publish","format-standard","has-post-thumbnail","hentry","category-news"],"_links":{"self":[{"href":"https:\/\/forstcontrol.com\/it\/wp-json\/wp\/v2\/posts\/1541","targetHints":{"allow":["GET"]}}],"collection":[{"href":"https:\/\/forstcontrol.com\/it\/wp-json\/wp\/v2\/posts"}],"about":[{"href":"https:\/\/forstcontrol.com\/it\/wp-json\/wp\/v2\/types\/post"}],"author":[{"embeddable":true,"href":"https:\/\/forstcontrol.com\/it\/wp-json\/wp\/v2\/users\/2"}],"replies":[{"embeddable":true,"href":"https:\/\/forstcontrol.com\/it\/wp-json\/wp\/v2\/comments?post=1541"}],"version-history":[{"count":1,"href":"https:\/\/forstcontrol.com\/it\/wp-json\/wp\/v2\/posts\/1541\/revisions"}],"predecessor-version":[{"id":1543,"href":"https:\/\/forstcontrol.com\/it\/wp-json\/wp\/v2\/posts\/1541\/revisions\/1543"}],"wp:featuredmedia":[{"embeddable":true,"href":"https:\/\/forstcontrol.com\/it\/wp-json\/wp\/v2\/media\/1542"}],"wp:attachment":[{"href":"https:\/\/forstcontrol.com\/it\/wp-json\/wp\/v2\/media?parent=1541"}],"wp:term":[{"taxonomy":"category","embeddable":true,"href":"https:\/\/forstcontrol.com\/it\/wp-json\/wp\/v2\/categories?post=1541"},{"taxonomy":"post_tag","embeddable":true,"href":"https:\/\/forstcontrol.com\/it\/wp-json\/wp\/v2\/tags?post=1541"}],"curies":[{"name":"wp","href":"https:\/\/api.w.org\/{rel}","templated":true}]}}