{"id":1553,"date":"2025-04-15T14:14:42","date_gmt":"2025-04-15T12:14:42","guid":{"rendered":"https:\/\/forstcontrol.com\/?p=1553"},"modified":"2025-04-15T14:37:33","modified_gmt":"2025-04-15T12:37:33","slug":"forstcontrol-setzt-starke-akzente-und-begeistert-mit-innovation","status":"publish","type":"post","link":"https:\/\/forstcontrol.com\/fr\/forstcontrol-setzt-starke-akzente-und-begeistert-mit-innovation\/","title":{"rendered":"ForstControl pose des jalons forts et enthousiasme par son innovation"},"content":{"rendered":"<p class=\"\" data-start=\"88\" data-end=\"427\">ForstControl a consolid\u00e9 sa position sur le march\u00e9 avec une pr\u00e9sence remarqu\u00e9e \u00e0 la foire foresti\u00e8re de Lucerne du 24 au 27 ao\u00fbt. L'accent a \u00e9t\u00e9 mis sur les \u00e9changes personnels, les nouveaux partenariats et la pr\u00e9sentation de ForstControl 3.0 - la prochaine g\u00e9n\u00e9ration de notre solution logicielle pour une gestion foresti\u00e8re efficace.<\/p>\n<p class=\"\" data-start=\"429\" data-end=\"827\">Plus de 500 visiteurs du salon ont profit\u00e9 de l'occasion pour participer \u00e0 notre concours avec des prix attractifs. La tron\u00e7onneuse, en particulier, qui constituait le premier prix, a suscit\u00e9 l'enthousiasme et une forte participation. Notre stand n'a pas seulement attir\u00e9 le public gr\u00e2ce \u00e0 des give-aways comme des lunettes de soleil et des stylos - la bi\u00e8re, le caf\u00e9 et l'eau ont \u00e9galement contribu\u00e9 \u00e0 l'atmosph\u00e8re ouverte et accueillante.<\/p>\n<p class=\"\" data-start=\"829\" data-end=\"1206\">L'un des moments forts a \u00e9t\u00e9 la rencontre personnelle avec \"l'homme forestier avec l'application\", qui symbolise l'utilisation pratique de nos solutions num\u00e9riques. De nombreux entretiens avec des repr\u00e9sentants d'associations foresti\u00e8res ont clairement montr\u00e9 que le besoin d'outils conviviaux et int\u00e9gr\u00e9s pour l'\u00e9conomie foresti\u00e8re est \u00e9lev\u00e9 - ForstControl apporte la r\u00e9ponse ad\u00e9quate.<\/p>\n<p class=\"\" data-start=\"1208\" data-end=\"1464\">L'\u00e9cho de nos licences de d\u00e9monstration, que nous avons pu attribuer directement sur place \u00e0 des professionnels int\u00e9ress\u00e9s, a \u00e9galement \u00e9t\u00e9 r\u00e9jouissant. La forte pr\u00e9sence de notre partenaire FOMEA AG - notamment avec les fameuses pinces Hagl\u00f6f - a compl\u00e9t\u00e9 de mani\u00e8re id\u00e9ale notre pr\u00e9sence.<\/p>\n<p class=\"\" data-start=\"1466\" data-end=\"1624\">La pr\u00e9sence au salon le montre : ForstControl n'est pas seulement per\u00e7u comme un fournisseur de technologies, mais de plus en plus comme un partenaire pour une sylviculture d'avenir.<\/p>","protected":false},"excerpt":{"rendered":"<p>Mit einem aufmerksamkeitsstarken Auftritt an der Forstmesse Luzern hat ForstControl vom 24. bis 27. August seine Position im Markt weiter gefestigt. Im Zentrum standen der pers\u00f6nliche Austausch, neue Partnerschaften und die Pr\u00e4sentation von ForstControl 3.0 \u2013 der n\u00e4chsten Generation unserer Softwarel\u00f6sung f\u00fcr effizientes Forstmanagement. Mehr als 500 Messebesucherinnen und -besucher nutzten die Gelegenheit, an unserem [&hellip;]<\/p>\n","protected":false},"author":2,"featured_media":1554,"comment_status":"closed","ping_status":"closed","sticky":false,"template":"","format":"standard","meta":{"iawp_total_views":32,"footnotes":""},"categories":[10],"tags":[],"class_list":["post-1553","post","type-post","status-publish","format-standard","has-post-thumbnail","hentry","category-news"],"_links":{"self":[{"href":"https:\/\/forstcontrol.com\/fr\/wp-json\/wp\/v2\/posts\/1553","targetHints":{"allow":["GET"]}}],"collection":[{"href":"https:\/\/forstcontrol.com\/fr\/wp-json\/wp\/v2\/posts"}],"about":[{"href":"https:\/\/forstcontrol.com\/fr\/wp-json\/wp\/v2\/types\/post"}],"author":[{"embeddable":true,"href":"https:\/\/forstcontrol.com\/fr\/wp-json\/wp\/v2\/users\/2"}],"replies":[{"embeddable":true,"href":"https:\/\/forstcontrol.com\/fr\/wp-json\/wp\/v2\/comments?post=1553"}],"version-history":[{"count":1,"href":"https:\/\/forstcontrol.com\/fr\/wp-json\/wp\/v2\/posts\/1553\/revisions"}],"predecessor-version":[{"id":1555,"href":"https:\/\/forstcontrol.com\/fr\/wp-json\/wp\/v2\/posts\/1553\/revisions\/1555"}],"wp:featuredmedia":[{"embeddable":true,"href":"https:\/\/forstcontrol.com\/fr\/wp-json\/wp\/v2\/media\/1554"}],"wp:attachment":[{"href":"https:\/\/forstcontrol.com\/fr\/wp-json\/wp\/v2\/media?parent=1553"}],"wp:term":[{"taxonomy":"category","embeddable":true,"href":"https:\/\/forstcontrol.com\/fr\/wp-json\/wp\/v2\/categories?post=1553"},{"taxonomy":"post_tag","embeddable":true,"href":"https:\/\/forstcontrol.com\/fr\/wp-json\/wp\/v2\/tags?post=1553"}],"curies":[{"name":"wp","href":"https:\/\/api.w.org\/{rel}","templated":true}]}}